{"id":1707,"date":"2021-02-12T17:55:31","date_gmt":"2021-02-12T17:55:31","guid":{"rendered":"https:\/\/saint-christophers-hosting.com\/?p=1707"},"modified":"2021-02-13T13:28:48","modified_gmt":"2021-02-13T13:28:48","slug":"journal-en-francais-facile-09-02-2021","status":"publish","type":"post","link":"https:\/\/saint-christophers-hosting.com\/index.php\/2021\/02\/12\/journal-en-francais-facile-09-02-2021\/","title":{"rendered":"Journal en francais facile \u2013 09\/02\/2021"},"content":{"rendered":"<p><a href=\"https:\/\/www.happyscribe.com\/transcriptions\/9a12003781704217a2ed6a578de53b74\/edit_v2\" target=\"_blank\" rel=\"noopener\">https:\/\/www.happyscribe.com\/transcriptions\/9a12003781704217a2ed6a578de53b74\/edit_v2<\/a><\/p>\n<audio class=\"wp-audio-shortcode\" id=\"audio-1707-1\" preload=\"none\" style=\"width: 100%;\" controls=\"controls\"><source type=\"audio\/mpeg\" src=\"https:\/\/saint-christophers-hosting.com\/wp-content\/uploads\/2021\/02\/JournalEnFrancaisFacile-09-02-20.mp3?_=1\" \/><a href=\"https:\/\/saint-christophers-hosting.com\/wp-content\/uploads\/2021\/02\/JournalEnFrancaisFacile-09-02-20.mp3\">https:\/\/saint-christophers-hosting.com\/wp-content\/uploads\/2021\/02\/JournalEnFrancaisFacile-09-02-20.mp3<\/a><\/audio>\n[00:00:03.180- Romain]\nVous \u00e9coutez RFI il est 21 heures ici \u00e0 Paris, 20 heures en temps universel.<\/p>\n[00:00:11.400- Romain]\nBonsoir \u00e0 tous, bienvenue dans votre journal en fran\u00e7ais facile, pr\u00e9sent\u00e9 ce soir en compagnie de Z\u00e9phyrin Kouadio. Bonsoir Z\u00e9phyrin.<\/p>\n[00:00:18.900- Z\u00e9phyrin]\nBonsoir Romain. Bonsoir \u00e0 toutes et \u00e0 tous.<\/p>\n[00:00:21.180- Romain]\nA la une ce soir. En Birmanie, des violences contre les manifestants. Les Nations Unies \u00e9voquent plusieurs bless\u00e9s. La police aurait tir\u00e9 des balles en caoutchouc et des gaz lacrymog\u00e8nes, huit jours apr\u00e8s le coup d&#8217;\u00e9tat.<\/p>\n[00:00:34.910- Z\u00e9phyrin]\nMais \u00e9galement le d\u00e9but du second proc\u00e8s de Donald Trump en destitution, il s&#8217;est ouvert il y a deux heures devant le S\u00e9nat. L&#8217;ancien pr\u00e9sident est jug\u00e9 pour les faits du 6 janvier, quand plusieurs de ses partisans avaient lanc\u00e9 un assaut contre le Capitole.<\/p>\n[00:00:50.250- Romain]\nEt puis l&#8217;Union europ\u00e9enne, qui \u00e9voque des sanctions contre la Russie. Les tensions continuent de monter entre les deux camps.<\/p>\n[00:00:59.920]\nLe journal. Le Journal en fran\u00e7ais facile, en fran\u00e7ais facile.<\/p>\n[00:01:05.410- Z\u00e9phyrin]\nL&#8217;ONU condamne l&#8217;usage de la force contre les manifestants en Birmanie.<\/p>\n[00:01:10.020- Romain]\nOui, la tension est mont\u00e9e d&#8217;un cran aujourd&#8217;hui en Birmanie, huit jours apr\u00e8s le coup d&#8217;Etat qui a renvers\u00e9 le gouvernement d&#8217;Aung San Suu Kyi. Alors on savait que la menace \u00e9tait importante. La loi martiale a \u00e9t\u00e9 d\u00e9cr\u00e9t\u00e9e hier. Cela veut dire que l&#8217;arm\u00e9e assure le maintien de l&#8217;ordre. Et donc, ce mardi, alors qu&#8217;il y a eu de nouvelles manifestations, la police a fait usage de la force. Un usage disproportionn\u00e9 selon les Nations Unies, qui \u00e9voque de nombreux bless\u00e9s, dont certains gravement. Apr\u00e8s que la police a tir\u00e9 des balles en caoutchouc et des gaz lacrymog\u00e8nes, alors. Que sait-on de ce qui s&#8217;est pass\u00e9. Cl\u00e9a Brodeurs?<\/p>\n[00:01:46.540]\nAlors. Pour l&#8217;heure, il est impossible d&#8217;obtenir une estimation du nombre de bless\u00e9s aupr\u00e8s des h\u00f4pitaux. Une femme aurait \u00e9t\u00e9 touch\u00e9e par balle \u00e0 la t\u00eate et demeurait dans un \u00e9tat critique \u00e0 l&#8217;h\u00f4pital. Plus t\u00f4t aujourd&#8217;hui, la t\u00e9l\u00e9vision d&#8217;Etat a d\u00e9clar\u00e9 que les forces de police avaient agi en toute l\u00e9galit\u00e9 en ayant recours aux canons \u00e0 eau, aux tirs de balles en caoutchouc, comme vous le mentionniez, ou encore de gaz lacrymog\u00e8ne lors de heurts avec les manifestants. On peut voir circuler sur Twitter des vid\u00e9os montrant des officiers de police laissant passer les manifestants de l&#8217;autre c\u00f4t\u00e9 des barricades, mais aussi rejoignons les protestataires.<\/p>\n[00:02:24.520- Brodeurs]\nCes centaines de milliers de Birmans d\u00e9filent depuis plusieurs jours \u00e0 travers le pays, malgr\u00e9 un risque r\u00e9el de r\u00e9pression violente. Ils r\u00e9clament la lib\u00e9ration des personnes d\u00e9tenues, Aung San Suu Kyi, mais aussi la fin de la Constitution de 2008, tr\u00e8s favorable aux militaires. Le commandant en chef de l&#8217;arm\u00e9e Min Aung Hlaing s&#8217;est pour la premi\u00e8re fois exprim\u00e9 hier sur la cha\u00eene de l&#8217;arm\u00e9e. Il s&#8217;est engag\u00e9 \u00e0 la tenue d&#8217;\u00e9lections libres et justes \u00e0 la fin de l&#8217;\u00e9tat d&#8217;urgence d&#8217;un an et il a promis un r\u00e9gime militaire. Je cite diff\u00e9rent des pr\u00e9c\u00e9dents.<\/p>\n[00:02:57.850- Romain]\nMerci Cl\u00e9a Brodeurs. Et \u00e0 noter que ce matin, la Nouvelle-Z\u00e9lande a annonc\u00e9 la suspension de ses contacts militaires et politiques de haut niveau avec la Birmanie, la Nouvelle Z\u00e9lande, qui est ainsi devenue le premier pays au monde \u00e0 d\u00e9cider d&#8217;isoler la junte militaire en raison du coup d&#8217;Etat.<\/p>\n[00:03:17.020- Z\u00e9phyrin]\nPour la deuxi\u00e8me fois, Romain, Donald Trump est donc jug\u00e9 en destitution.<\/p>\n[00:03:21.850- Romain]\nEt c&#8217;est une premi\u00e8re aux Etats-Unis pour un ancien pr\u00e9sident. Alors, le proc\u00e8s s&#8217;est ouvert il y a deux heures. Il est historique, ce proc\u00e8s. Pour une autre raison, il se tient devant le S\u00e9nat, qui se trouve dans le Capitole, \u00e0 Washington, l\u00e0 o\u00f9 pr\u00e9cis\u00e9ment se sont produits les faits qui valent \u00e0 Donald Trump d&#8217;\u00eatre jug\u00e9. Le 6 janvier dernier, en effet, souvenez vous, des partisans de Donald Trump avaient lanc\u00e9 un assaut contre le Capitole. Les 100 s\u00e9nateurs qui seront les jur\u00e9s de ce proc\u00e8s furent donc les t\u00e9moins et les victimes de cette attaque. Pour se d\u00e9fendre, Donald Trump a eu du mal \u00e0 constituer une \u00e9quipe, \u00e0 la diff\u00e9rence de son premier proc\u00e8s o\u00f9 de brillants juristes et des stars du barreau s&#8217;\u00e9taient succ\u00e9d\u00e9 pour le d\u00e9fendre.<\/p>\n[00:04:03.970- Romain]\nCette fois, il a \u00e9t\u00e9 confront\u00e9 \u00e0 une vague de d\u00e9missions. Il a fini par recruter deux avocats plut\u00f4t inconnus du grand public. Il s&#8217;agit de Bruce Castor et de David Sch\u00f6n. Qui sont ils? Leur portrait. Arim Peuple.<\/p>\n[00:04:17.680- Arim]\nCe ne sont pas des avocats de premier plan, mais ils ont d\u00e9j\u00e0 d\u00e9fray\u00e9 la chronique. Procureur en Pennsylvanie, Bruce Castor avait \u00e9t\u00e9 saisie en 2005 d&#8217;une plainte pour agression sexuelle contre l&#8217;animateur Bill Cosby, mais il avait refus\u00e9 d&#8217;entamer des poursuites contre le com\u00e9dien qui, en 2018, a \u00e9t\u00e9 condamn\u00e9 pour ces abus. L&#8217;autre avocat David Sch\u00f6n est un p\u00e9naliste d&#8217;Atlanta. Il avait d\u00e9clar\u00e9 \u00e0 plusieurs reprises que, selon lui, l&#8217;homme d&#8217;affaires Jeffrey Epstein, accus\u00e9 d&#8217;exploitation sexuelle sur mineur et qui est mort en prison en 2019, avait \u00e9t\u00e9 tu\u00e9 dans sa cellule. Les enqu\u00eates officielles avaient pourtant conclu au suicide.<\/p>\n[00:04:56.740- Romain]\nLes deux avocats ont des profils tr\u00e8s diff\u00e9rents, mais s&#8217;appuient sur plusieurs d\u00e9cennies d&#8217;exp\u00e9rience professionnelle. Peu d&#8217;informations ont filtr\u00e9 sur leur strat\u00e9gie, si ce n&#8217;est que les accusations de fraude \u00e9lectorale r\u00e9p\u00e9t\u00e9es par Donald Trump pendant des mois ne seront pas relay\u00e9es par les avocats. Ce lundi, ils ont d\u00e9clar\u00e9 que l&#8217;acte d&#8217;accusation adopt\u00e9 par la Chambre est anticonstitutionnel. Selon eux, la Constitution ne permet pas au S\u00e9nat de juger un pr\u00e9sident qui n&#8217;est plus en exercice. Ils ont d&#8217;ailleurs demand\u00e9 l&#8217;abandon du proc\u00e8s.<\/p>\n[00:05:27.940- Z\u00e9phyrin]\nTout porte \u00e0 croire que Donald Trump sera acquitt\u00e9 \u00e0 l&#8217;issue de ce proc\u00e8s. La Constitution impose en effet une majorit\u00e9 des deux tiers. Cela veut dire qu&#8217;il faudrait, en plus des voix d\u00e9mocrates, 17 \u00e9lus r\u00e9publicains qui voteraient en faveur d&#8217;une condamnation, ce qui est tr\u00e8s peu probable.<\/p>\n[00:05:46.000- Romain]\nLa pand\u00e9mie de coronavirus et de nouveaux caps qui ont \u00e9t\u00e9 franchis.<\/p>\n[00:05:50.740- Z\u00e9phyrin]\nHier en Espagne, le seuil des 3 millions de cas franchi. La France, elle, vient de d\u00e9passer ce soir les 80.000 morts li\u00e9s au Covid-19. Depuis ce matin, c&#8217;est une journ\u00e9e sp\u00e9ciale sur RFI. Nous \u00e9voquons la g\u00e9n\u00e9ration Covid, les jeunes qui sont tr\u00e8s durement touch\u00e9s par la crise. Dans le journal en fran\u00e7ais facile, direction J\u00e9rusalem \u00e0 la rencontre d&#8217;un jeune artiste isra\u00e9lien, guitariste et professeur de musique. Ils avaient d\u00e9cid\u00e9 en d\u00e9but d&#8217;ann\u00e9e d&#8217;aller vivre sa passion musicale en Andalousie, au sud de l&#8217;Espagne. Mais la pand\u00e9mie de coronavirus a compl\u00e8tement boulevers\u00e9 ses plans. Sami Br\u00fbly-LIfas est all\u00e9 \u00e0 sa rencontre.<\/p>\n[00:06:32.240- Sami]\nDans son appartement de J\u00e9rusalem. Oriane, 27 ans, joue quelques accords avant la pand\u00e9mie. La musique, c&#8217;\u00e9tait sa passion, mais aussi son m\u00e9tier. Mais depuis l&#8217;ann\u00e9e derni\u00e8re, il a d\u00fb s&#8217;adapter \u00e0 la nouvelle situation.<\/p>\n[00:06:45.020- Oriane]\nJe gagnais tr\u00e8s bien ma vie en tant que musicien, mais avec le coronavirus, le monde de l&#8217;art s&#8217;est compl\u00e8tement effondr\u00e9. Et \u00e0 partir de l\u00e0, je n&#8217;ai plus eu de rentr\u00e9es d&#8217;argent. J&#8217;ai v\u00e9cu sur mes \u00e9conomies et ma famille m&#8217;a un peu aid\u00e9. Ensuite, je suis devenu chauffeur. J&#8217;ai gard\u00e9 des enfants. J&#8217;ai m\u00eame travaill\u00e9 dans le b\u00e2timent. Vous vous imaginez? C&#8217;est tout le contraire de mon m\u00e9tier d&#8217;artiste.<\/p>\n[00:07:11.150- Sami]\nMais au del\u00e0 de cette situation, ce qui mine le plus Orianne, c&#8217;est de ne pas pouvoir accomplir son r\u00eave.<\/p>\n[00:07:18.590- Oriane]\nNous devions donner un concert ensemble avec un grand musicien espagnol qui s&#8217;appelle Manuel Montero. J&#8217;ai aussi d\u00e9croch\u00e9 une bourse pour aller \u00e9tudier la musique en Espagne, mais \u00e7a n&#8217;a pas \u00e9t\u00e9 possible parce qu&#8217;on ne peut plus voyager.<\/p>\n[00:07:33.170- Sami]\nEn attendant le retour \u00e0 la vie normale, le jeune homme continue de s&#8217;\u00e9vader gr\u00e2ce \u00e0 sa musique. Sami Br\u00fbly-LIfas \u00e0 J\u00e9rusalem, RFI.<\/p>\n[00:07:42.420- Romain]\nEt puis l&#8217;escalade, un roman des tensions entre l&#8217;Union europ\u00e9enne et la Russie.<\/p>\n[00:07:47.790- Z\u00e9phyrin]\nOn va rappeler les \u00e9pisodes pr\u00e9c\u00e9dents. En fin de semaine derni\u00e8re, la Russie expulse trois diplomates europ\u00e9ens. Le jour o\u00f9 le chef de la diplomatie europ\u00e9enne, Joseph Borrel, se trouve en visite en Russie, Joseph Borrel, qui aujourd&#8217;hui s&#8217;\u00e9tait exprim\u00e9 devant le Parlement europ\u00e9en et il a recommand\u00e9 l&#8217;adoption de sanctions \u00e0 l&#8217;encontre de la Russie. Mais avant cela, Joseph Borrel a d\u00fb justifier sa visite en Russie. Elle intervenait alors que l&#8217;opposant num\u00e9ro un Alexe\u00ef Navalny se trouvant en prison. Joseph Borrell.<\/p>\n[00:08:21.810- Joseph Borrell]\nCette visite pr\u00e9sentait des risques \u00e9vidents et je les ai pris d&#8217;abord parce que nous condamnons la mani\u00e8re dont l&#8217;affaire Navalny est g\u00e9r\u00e9e. Ensuite, parce qu&#8217;elle m&#8217;a permis d&#8217;\u00e9valuer de mes propres yeux les d\u00e9fis de notre relation avec la Russie. Je n&#8217;avais pas d&#8217;illusions avant mon d\u00e9placement. Je suis encore plus pr\u00e9occup\u00e9 apr\u00e8s. Une chose m&#8217;est apparu clairement il n&#8217;y a pas d&#8217;intention du c\u00f4t\u00e9 russe de s&#8217;engager dans une discussion constructive si nous abordons la question des droits de l&#8217;homme et des libert\u00e9s politiques.<\/p>\n[00:08:48.690- Joseph Borrell]\nJe suis particuli\u00e8rement inquiet quant au choix g\u00e9ostrat\u00e9gique des autorit\u00e9s russes. Nous sommes \u00e0 un croisement dans nos relations avec la Russie. Nous discuterons de ce sujet lors du prochain Conseil des affaires \u00e9trang\u00e8res, le 22 f\u00e9vrier, et ce sera aux Etats membres de d\u00e9cider des prochaines \u00e9tapes. Mais oui, cela pourrait inclure des sanctions.<\/p>\n[00:09:05.370- Joseph Borrell]\nJe ferai des propositions concr\u00e8tes en ce sens en usant du droit d&#8217;initiative qu&#8217;a le repr\u00e9sentant ch\u00e9tifs d&#8217;int\u00e9r\u00eats repr\u00e9sentatif.<\/p>\n[00:09:13.620- Z\u00e9phyrin]\nJoseph Borrel, le chef de la diplomatie europ\u00e9enne, ce mardi devant le Parlement europ\u00e9en \u00e0 Bruxelles. Propos recueillis par Joanna Stein.<\/p>\n[00:09:22.590- Z\u00e9phyrin]\nEt un mot de tennis: deuxi\u00e8me journ\u00e9e ce mardi de l&#8217;Open d&#8217;Australie \u00e0 Melbourne. \u00c0 retenir parmi les r\u00e9sultats, les victoires de l&#8217;Espagnol Rafael Nadal et du Russe Daniil Medvedev. D\u00e9faite c\u00f4t\u00e9 fran\u00e7ais pour Pierre-Hugues Herbert et Gilles Simon.<\/p>\n[00:09:38.940- Romain]\nC&#8217;est la fin de ce journal en fran\u00e7ais facile. Merci Z\u00e9phyrin.<\/p>\n[00:09:41.490- Z\u00e9phyrin]\nMerci \u00e0 vous, Romain.<\/p>\n[00:09:43.000- Romain]\nIl est 21h10 ici \u00e0 Paris. Une heure de moins en temps universel.<\/p>\n","protected":false},"excerpt":{"rendered":"<p>https:\/\/www.happyscribe.com\/transcriptions\/9a12003781704217a2ed6a578de53b74\/edit_v2 [00:00:03.180- Romain] Vous \u00e9coutez RFI il est 21 heures ici \u00e0 Paris, 20 heures en temps universel. [00:00:11.400- Romain] Bonsoir \u00e0 tous, bienvenue dans votre journal en fran\u00e7ais facile, pr\u00e9sent\u00e9 ce soir en compagnie de Z\u00e9phyrin Kouadio. Bonsoir Z\u00e9phyrin.&hellip;<\/p>\n<p class=\"more-link-p\"><a class=\"more-link\" href=\"https:\/\/saint-christophers-hosting.com\/index.php\/2021\/02\/12\/journal-en-francais-facile-09-02-2021\/\">Read more &rarr;<\/a><\/p>\n","protected":false},"author":1,"featured_media":872,"comment_status":"closed","ping_status":"closed","sticky":false,"template":"","format":"standard","meta":{"jetpack_post_was_ever_published":false,"_jetpack_newsletter_access":"","_jetpack_dont_email_post_to_subs":false,"_jetpack_newsletter_tier_id":0,"_jetpack_memberships_contains_paywalled_content":false,"_jetpack_memberships_contains_paid_content":false,"footnotes":"","jetpack_publicize_message":"","jetpack_publicize_feature_enabled":true,"jetpack_social_post_already_shared":true,"jetpack_social_options":{"image_generator_settings":{"template":"highway","default_image_id":0,"font":"","enabled":false},"version":2}},"categories":[8],"tags":[],"class_list":["post-1707","post","type-post","status-publish","format-standard","has-post-thumbnail","hentry","category-french"],"jetpack_publicize_connections":[],"jetpack_featured_media_url":"https:\/\/saint-christophers-hosting.com\/wp-content\/uploads\/2020\/06\/RFI.jpg","jetpack_sharing_enabled":true,"jetpack_shortlink":"https:\/\/wp.me\/p8rlea-rx","_links":{"self":[{"href":"https:\/\/saint-christophers-hosting.com\/index.php\/wp-json\/wp\/v2\/posts\/1707","targetHints":{"allow":["GET"]}}],"collection":[{"href":"https:\/\/saint-christophers-hosting.com\/index.php\/wp-json\/wp\/v2\/posts"}],"about":[{"href":"https:\/\/saint-christophers-hosting.com\/index.php\/wp-json\/wp\/v2\/types\/post"}],"author":[{"embeddable":true,"href":"https:\/\/saint-christophers-hosting.com\/index.php\/wp-json\/wp\/v2\/users\/1"}],"replies":[{"embeddable":true,"href":"https:\/\/saint-christophers-hosting.com\/index.php\/wp-json\/wp\/v2\/comments?post=1707"}],"version-history":[{"count":1,"href":"https:\/\/saint-christophers-hosting.com\/index.php\/wp-json\/wp\/v2\/posts\/1707\/revisions"}],"predecessor-version":[{"id":1708,"href":"https:\/\/saint-christophers-hosting.com\/index.php\/wp-json\/wp\/v2\/posts\/1707\/revisions\/1708"}],"wp:featuredmedia":[{"embeddable":true,"href":"https:\/\/saint-christophers-hosting.com\/index.php\/wp-json\/wp\/v2\/media\/872"}],"wp:attachment":[{"href":"https:\/\/saint-christophers-hosting.com\/index.php\/wp-json\/wp\/v2\/media?parent=1707"}],"wp:term":[{"taxonomy":"category","embeddable":true,"href":"https:\/\/saint-christophers-hosting.com\/index.php\/wp-json\/wp\/v2\/categories?post=1707"},{"taxonomy":"post_tag","embeddable":true,"href":"https:\/\/saint-christophers-hosting.com\/index.php\/wp-json\/wp\/v2\/tags?post=1707"}],"curies":[{"name":"wp","href":"https:\/\/api.w.org\/{rel}","templated":true}]}}