{"id":1574,"date":"2021-01-13T16:51:29","date_gmt":"2021-01-13T16:51:29","guid":{"rendered":"https:\/\/saint-christophers-hosting.com\/?p=1574"},"modified":"2021-02-13T13:29:55","modified_gmt":"2021-02-13T13:29:55","slug":"journal-en-francais-facile-10-01-2021","status":"publish","type":"post","link":"https:\/\/saint-christophers-hosting.com\/index.php\/2021\/01\/13\/journal-en-francais-facile-10-01-2021\/","title":{"rendered":"Journal en francais facile \u2013 10\/01\/2021"},"content":{"rendered":"<p><a title=\"Journal en francais facile \u2013 10\/01\/2021\" href=\"https:\/\/www.happyscribe.com\/transcriptions\/1356125c0676410090f1f381bac33913\/edit_v2\" target=\"_blank\" rel=\"noopener\">https:\/\/www.happyscribe.com\/transcriptions\/1356125c0676410090f1f381bac33913\/edit_v2<\/a><\/p>\n<p>&nbsp;<\/p>\n<audio class=\"wp-audio-shortcode\" id=\"audio-1574-1\" preload=\"none\" style=\"width: 100%;\" controls=\"controls\"><source type=\"audio\/mpeg\" src=\"https:\/\/saint-christophers-hosting.com\/wp-content\/uploads\/2021\/01\/journal_francais_facile_20h00_-_20h10_gmt_20210110.mp3?_=1\" \/><a href=\"https:\/\/saint-christophers-hosting.com\/wp-content\/uploads\/2021\/01\/journal_francais_facile_20h00_-_20h10_gmt_20210110.mp3\">https:\/\/saint-christophers-hosting.com\/wp-content\/uploads\/2021\/01\/journal_francais_facile_20h00_-_20h10_gmt_20210110.mp3<\/a><\/audio>\n[00:00:06.770- Anne Verre Daguerre]\nVous \u00e9coutez Radio France Internationale, il est 21 heures \u00e0 Paris, 20 heures en temps universel. Anne Verre Daguerre. Bonsoir \u00e0 tous et bienvenue dans votre journal en fran\u00e7ais facile, pr\u00e9sent\u00e9 ce soir en compagnie de Sylvie B\u00e9rub\u00e9, Bonsoir Sylvie. Bonsoir, bonsoir \u00e0 tous! \u00c0 la une ce soir, \u00e0 dix jours de la fin de son mandat, Donald Trump de plus en plus isol\u00e9, il pourrait, de demain lundi, \u00eatre sous le coup d&#8217;une deuxi\u00e8me proc\u00e9dure de destitution.<\/p>\n[00:00:35.280- Sylvie B\u00e9rub\u00e9]\nAu Royaume-Uni, une situation d&#8217;urgence sur le front de Covid, apr\u00e8s le maire de Londres, ce sont les services de sant\u00e9 qui tirent la sonnette d&#8217;alarme. Les h\u00f4pitaux pourraient \u00eatre bient\u00f4t compl\u00e8tement d\u00e9bord\u00e9s.<\/p>\n[00:00:48.420- Anne Verre Daguerre]\nEt la r\u00e9ouverture de la fronti\u00e8re entre le Qatar et l&#8217;Arabie Saoudite, avec une affluence des voyageurs pour la deuxi\u00e8me journ\u00e9e cons\u00e9cutive.<\/p>\n[00:00:59.850- Voix]\nLe journal Le Journal en fran\u00e7ais facile.<\/p>\n[00:01:04.290- Sylvie B\u00e9rub\u00e9]\nAux Etats-Unis, un nouveau compte \u00e0 rebours. Plus que dix jours avant la fin du mandat de Donald Trump.<\/p>\n[00:01:10.140- Anne Verre Daguerre]\nL&#8217;Am\u00e9rique semble retenir son souffle alors que le pr\u00e9sident est tous les jours plus isol\u00e9 aujourd&#8217;hui, l&#8217;un de ses plus proches alli\u00e9s, son vice-pr\u00e9sident, semble avoir d\u00e9finitivement pris ses distances avec lui. Plusieurs m\u00e9dias ont rapport\u00e9 que Mike Pence assistera \u00e0 la c\u00e9r\u00e9monie d&#8217;investiture du pr\u00e9sident \u00e9lu Joe Biden. Les dirigeants d\u00e9mocrates exhortent le vice-pr\u00e9sident \u00e0 d\u00e9clarer que Donald Trump \u00e9tait inapte \u00e0 remplir ses fonctions apr\u00e8s les violences du 6 janvier dernier au Capitole. En attendant, un autre r\u00e9publicain, l&#8217;ancien gouverneur de Californie Arnold Schwarzenegger, s&#8217;est adress\u00e9 aux partisans de Donald Trump aujourd&#8217;hui. \u00c0 New York, Loubna Anaky.<\/p>\n[00:01:58.410- Voix off]\nInstall\u00e9 \u00e0 son bureau, les drapeaux am\u00e9ricain et californien derri\u00e8re lui, Arnold Schwarzenegger s&#8217;exprime durant pr\u00e8s de 8 minutes sur une musique patriotique. L&#8217;ancien gouverneur r\u00e9publicain n&#8217;h\u00e9site pas \u00e0 faire le parall\u00e8le entre les violences du Capitole et l&#8217;Autriche nazie.<\/p>\n[00:02:15.120- Voix off]\nJ&#8217;ai grandi en Autriche et je sais ce que c&#8217;\u00e9tait, la Nuit de Cristal, une nuit de terreur et de violence contre les Juifs men\u00e9s en 1938 par l&#8217;\u00e9quivalent nazi des Proud Boys!<\/p>\n[00:02:27.240- Loubna Anaky]\nN\u00e9, deux ans apr\u00e8s la Seconde Guerre mondiale, Arnold Schwarzenegger \u00e9voque son enfance et se rappelle les ravages de l&#8217;id\u00e9ologie nazie. Pour lui, la rh\u00e9torique utilis\u00e9e par les groupes d&#8217;extr\u00eame droite chez certains partisans de Donald Trump repose sur la m\u00eame m\u00e9canique. Tout a commenc\u00e9 par des mensonges de mensonges et de l&#8217;intol\u00e9rance.<\/p>\n[00:02:45.780- Loubna Anaky]\nArnold Schwarzenegger a \u00e9galement adress\u00e9 de vives critiques \u00e0 Donald Trump. Donald Trump est un dirigeant rat\u00e9. Il restera dans l&#8217;histoire comme le pire pr\u00e9sident. Il a tent\u00e9 un coup d&#8217;Etat en manipulant les gens avec des mensonges, mais il sera bient\u00f4t aussi insignifiant qu&#8217;un vieux tweet.<\/p>\n[00:03:06.030- Loubna Anaky]\nL&#8217;ancien gouverneur r\u00e9publicain appelle \u00e9galement les Am\u00e9ricains de tous bords politiques \u00e0 soutenir Joe Biden. Notre d\u00e9mocratie est comme l&#8217;acier de cette \u00e9p\u00e9e, a-t-il d\u00e9clar\u00e9 en brandissant l&#8217;\u00e9p\u00e9e du film Conan le Barbare. Plus on la bat, plus elle se renforce.<\/p>\n[00:03:22.920- Sylvie B\u00e9rub\u00e9]\nLes bo\u00eetes noires du Boeing 737, disparu des radars hier au large de l&#8217;Indon\u00e9sie, ont \u00e9t\u00e9 retrouv\u00e9es.<\/p>\n[00:03:29.250- Anne Verre Daguerre]\nUne \u00e9tape importante pour aider les enqu\u00eateurs \u00e0 d\u00e9terminer les causes de cet accident. L&#8217;appareil s&#8217;est ab\u00eem\u00e9 en mer au large de Jakarta, avec 62 personnes \u00e0 bord. Quelques heures seulement apr\u00e8s son d\u00e9collage, des plongeurs ont rep\u00each\u00e9 des restes humains, des d\u00e9bris et des v\u00eatements en mer de Java.<\/p>\n[00:03:49.230- Sylvie B\u00e9rub\u00e9]\nAu Royaume-Uni, le service de sant\u00e9 publique dit \u00eatre confront\u00e9 \u00e0 la plus dangereuse situation qu&#8217;il n&#8217;ait jamais connue.<\/p>\n[00:03:57.510- Anne Verre Daguerre]\nEn cause, bien s\u00fbr, le coronavirus, ou plut\u00f4t le nouveau variant du virus, plus contagieux et qui menace de submerger les h\u00f4pitaux. Le nombre de cas positifs est de 3 millions de personnes au Royaume-Uni et la pand\u00e9mie a d\u00e9pass\u00e9 hier les 80.000 morts. Les autorit\u00e9s disent \u00eatre dans une course contre la montre contre le virus et pensent pouvoir vacciner tous les adultes du Royaume-Uni d&#8217;ici \u00e0 l&#8217;automne. Nous sommes sur la bonne voie, a estim\u00e9 ce dimanche le ministre britannique de la Sant\u00e9.<\/p>\n[00:04:30.840- Anne Verre Daguerre]\nLe gouvernement britannique, qui, avec l&#8217;aide de l&#8217;ONU et d&#8217;autres Etats, a r\u00e9alis\u00e9 une lev\u00e9e de plus de 800 millions d&#8217;euros pour venir en aide aux populations les plus vuln\u00e9rables \u00e0 la crise sanitaire. Maxence Peign\u00e9, \u00e0 Londres.<\/p>\n[00:04:46.710- Maxence Peign\u00e9]\nL&#8217;ensemble de la population adulte aura la possibilit\u00e9 de recevoir le vaccin d&#8217;ici \u00e0 l&#8217;automne. C&#8217;est la promesse faite par le ministre britannique de la Sant\u00e9, Mattieu Hancox, ce dimanche. Environ deux millions de personnes ont d\u00e9j\u00e0 re\u00e7u leur premi\u00e8re dose, selon lui, avec une cadence qui atteint d\u00e9sormais 200.000 injections par jour. Parmi les derniers patients en date, on retrouve notamment la reine Elizabeth et le prince Philip, \u00e2g\u00e9 de 94 et 99 ans. Le gouvernement esp\u00e8re ainsi avoir vaccin\u00e9 14 millions de personnes \u00e0 risque avant mi-f\u00e9vrier.<\/p>\n[00:05:15.540- Maxence Peign\u00e9]\n350 millions de doses ont par ailleurs \u00e9t\u00e9 command\u00e9es aux diff\u00e9rents laboratoires, plus qu&#8217;il n&#8217;en faudrait pour administrer deux injections \u00e0 chaque Britannique. Mais en attendant, la cha\u00eene d&#8217;approvisionnement est sous pression et des m\u00e9decins se plaignent d\u00e9j\u00e0 de retards de livraison. Selon le gouvernement, il s&#8217;agit d&#8217;un probl\u00e8me d&#8217;offre qui affecte le monde entier. Mais certains professionnels de la sant\u00e9 accusent aussi les autorit\u00e9s sanitaires de ralentir le processus. Ce dimanche, le professeur John Bell, immunologiste de l&#8217;Universit\u00e9 d&#8217;Oxford, a affirm\u00e9 que tous les Britanniques pouvaient en th\u00e9orie \u00eatre vaccin\u00e9s en seulement cinq jours, si l&#8217;on supprime les d\u00e9lais cr\u00e9\u00e9s par l&#8217;administration. Maxence Peign\u00e9 Londres et RFI.<\/p>\n[00:05:47.820- Sylvie B\u00e9rub\u00e9]\nLa Belgique a d\u00e9pass\u00e9 le cap des 20 000 morts dus aux Covid d\u00e8s le d\u00e9but de la premi\u00e8re vague.<\/p>\n[00:05:54.270- Anne Verre Daguerre]\nLe nombre de morts dus au coronavirus avait atteint des records. Et ce nombre reste tr\u00e8s \u00e9lev\u00e9 depuis en France, 8 nouveaux d\u00e9partements, essentiellement dans l&#8217;ouest du pays, sont d\u00e9sormais sous couvre-feu \u00e0 partir de 18 heures \u00e0 Marseille. Sept nouveaux cas li\u00e9s au variant anglais du coronavirus ont \u00e9t\u00e9 d\u00e9couverts. La situation virale est inqui\u00e9tante dans la ville, a affirm\u00e9 le maire de Marseille aujourd&#8217;hui. Le ministre de la Sant\u00e9, lui, n&#8217;exclut pas un troisi\u00e8me confinement s&#8217;il y a une flamb\u00e9e de l&#8217;\u00e9pid\u00e9mie, ce qui n&#8217;est pas le cas \u00e0 l&#8217;heure actuelle, a-t-il ajout\u00e9.<\/p>\n[00:06:35.660- Anne Verre Daguerre]\nEn Italie, le taux de positivit\u00e9 au virus est mont\u00e9 \u00e0 13,3% ce dimanche. D\u00e8s demain, plusieurs r\u00e9gions vont passer sous r\u00e9gime de restriction renforc\u00e9e. Les autorit\u00e9s italiennes renforcent la campagne vaccinale, mais \u00e7a ne va pas assez vite, estiment certains \u00e9lus, comme Luigi Delbono, le maire de Brescia, qui a l&#8217;une des villes les plus frapp\u00e9es au printemps dernier. Il appelle \u00e0 acc\u00e9l\u00e9rer les pr\u00e9paratifs pour vacciner la population g\u00e9n\u00e9rale.<\/p>\n[00:07:07.760- Luigi Delbono]\nC&#8217;est un d\u00e9fi fondamental. Plus ce sera rapide, plus vite nous pourrons nous lib\u00e9rer de cette maladie qui a profond\u00e9ment marqu\u00e9 notre territoire. Mais n&#8217;oublions pas que nous sommes l&#8217;une des provinces les plus touch\u00e9es avec pr\u00e8s de 100.000 d\u00e9c\u00e8s li\u00e9s au COVED. Et pour la seule ville de Brescia, ce sont 700 morts. Donc, pour nous, le vaccin repr\u00e9sente la fin du cauchemar. De toute \u00e9vidence, \u00e7a ne va pas tr\u00e8s vite. Il y a une pol\u00e9mique, surtout en Lombardie, parce que nous ne sommes pas pr\u00eats pour la vaccination g\u00e9n\u00e9rale de la population, qui devrait normalement commencer au printemps.<\/p>\n[00:07:37.450- Luigi Delbono]\nEn particulier parce que lorsque nous utiliserons les vaccins de Moderna ou Astra-Zeneca, le processus de vaccination sera plus simple et moins centralis\u00e9. Dans cette optique, la commune a propos\u00e9 de fournir des salles, des espaces et des moyens humains comme la police municipale et logistique. Nous sommes enti\u00e8rement disponibles pour aider les autorit\u00e9s sanitaires \u00e0 r\u00e9aliser une vaccination massive. Mais pour l&#8217;instant, je constate que la r\u00e9ponse n&#8217;est pas satisfaisante.<\/p>\n[00:08:07.100- Anne Verre Daguerre]\nLe maire de la ville de Brescia, au micro de Juliette Gerbant.<\/p>\n[00:08:11.420- Anne Verre Daguerre]\nAbdelmadjid Tebboune, le pr\u00e9sident alg\u00e9rien, a quitt\u00e9 Alger ce dimanche pour l&#8217;Allemagne. Il va de nouveau s&#8217;y faire soigner des suites de complications li\u00e9es \u00e0 sa contamination au Covid-19. Ce retour en Allemagne survient moins de deux semaines apr\u00e8s un premier s\u00e9jour qui l&#8217;avait tenu \u00e9loign\u00e9 d&#8217;Alger pendant deux mois.<\/p>\n[00:08:32.690- Sylvie B\u00e9rub\u00e9]\nApr\u00e8s la r\u00e9ouverture de la fronti\u00e8re entre l&#8217;Arabie saoudite et le Qatar. Hier, les Qatariens ont continu\u00e9 d&#8217;affluer dans le pays voisin.<\/p>\n[00:08:41.300- Anne Verre Daguerre]\nL&#8217;accord conclu cette semaine entre les acteurs de la crise du Golfe met un terme \u00e0 trois mois et demi de boycott contre le Qatar. La correspondance \u00e0 Duba\u00ef de Nicolas Keraudren.<\/p>\n[00:08:50.900- Nicolas Keraudren]\nMalgr\u00e9 la r\u00e9ouverture, la fronti\u00e8re qui s\u00e9pare le Qatar de l&#8217;Arabie Saoudite est encore calme. Selon l&#8217;Agence France-Presse, moins de 200 voitures immatricul\u00e9es au Qatar sont entr\u00e9es en Arabie Saoudite depuis hier par le poste fronti\u00e8re de Saloua. Dans le contexte de la Covid-19, des mesures sanitaires strictes ont \u00e9t\u00e9 mises en place de part et d&#8217;autre, en plus d&#8217;un test PCR n\u00e9gatif qui doit \u00eatre pr\u00e9sent\u00e9.<\/p>\n[00:09:14.660- Nicolas Keraudren]\nLes voyageurs doivent se soumettre \u00e0 un nouveau test sur place, puis observer une p\u00e9riode d&#8217;isolement. Il y a trois ans et demi, la fronti\u00e8re terrestre entre les deux pays avait \u00e9t\u00e9 ferm\u00e9e dans le cadre des sanctions prises par Riyad et ses alli\u00e9s contre Doha. La signature d&#8217;un accord mardi dernier entre les protagonistes de la crise du Golfe permet donc la reprise progressive des \u00e9changes. D\u00e8s demain lundi, les compagnies nationales, \u00e0 savoir Qatar Airways et Saudi Airlines, reprendront les liaisons a\u00e9riennes entre les deux capitales de ces monarchies du Golfe. Nicolas Kiro, Douba\u00ef et RFI.<\/p>\n[00:09:49.190- Anne Verre Daguerre]\nC&#8217;est la fin de ce journal en fran\u00e7ais facile. Merci \u00e0 vous, Sylvie B\u00e9rub\u00e9. Merci. Il est 21 heures 10 \u00e0 Paris, sur RFI.<\/p>\n","protected":false},"excerpt":{"rendered":"<p>https:\/\/www.happyscribe.com\/transcriptions\/1356125c0676410090f1f381bac33913\/edit_v2 &nbsp; [00:00:06.770- Anne Verre Daguerre] Vous \u00e9coutez Radio France Internationale, il est 21 heures \u00e0 Paris, 20 heures en temps universel. Anne Verre Daguerre. Bonsoir \u00e0 tous et bienvenue dans votre journal en fran\u00e7ais facile, pr\u00e9sent\u00e9 ce soir en&hellip;<\/p>\n<p class=\"more-link-p\"><a class=\"more-link\" href=\"https:\/\/saint-christophers-hosting.com\/index.php\/2021\/01\/13\/journal-en-francais-facile-10-01-2021\/\">Read more &rarr;<\/a><\/p>\n","protected":false},"author":1,"featured_media":872,"comment_status":"closed","ping_status":"closed","sticky":false,"template":"","format":"standard","meta":{"jetpack_post_was_ever_published":false,"_jetpack_newsletter_access":"","_jetpack_dont_email_post_to_subs":false,"_jetpack_newsletter_tier_id":0,"_jetpack_memberships_contains_paywalled_content":false,"_jetpack_memberships_contains_paid_content":false,"footnotes":"","jetpack_publicize_message":"","jetpack_publicize_feature_enabled":true,"jetpack_social_post_already_shared":true,"jetpack_social_options":{"image_generator_settings":{"template":"highway","default_image_id":0,"font":"","enabled":false},"version":2}},"categories":[8],"tags":[],"class_list":["post-1574","post","type-post","status-publish","format-standard","has-post-thumbnail","hentry","category-french"],"jetpack_publicize_connections":[],"jetpack_featured_media_url":"https:\/\/saint-christophers-hosting.com\/wp-content\/uploads\/2020\/06\/RFI.jpg","jetpack_sharing_enabled":true,"jetpack_shortlink":"https:\/\/wp.me\/p8rlea-po","_links":{"self":[{"href":"https:\/\/saint-christophers-hosting.com\/index.php\/wp-json\/wp\/v2\/posts\/1574","targetHints":{"allow":["GET"]}}],"collection":[{"href":"https:\/\/saint-christophers-hosting.com\/index.php\/wp-json\/wp\/v2\/posts"}],"about":[{"href":"https:\/\/saint-christophers-hosting.com\/index.php\/wp-json\/wp\/v2\/types\/post"}],"author":[{"embeddable":true,"href":"https:\/\/saint-christophers-hosting.com\/index.php\/wp-json\/wp\/v2\/users\/1"}],"replies":[{"embeddable":true,"href":"https:\/\/saint-christophers-hosting.com\/index.php\/wp-json\/wp\/v2\/comments?post=1574"}],"version-history":[{"count":4,"href":"https:\/\/saint-christophers-hosting.com\/index.php\/wp-json\/wp\/v2\/posts\/1574\/revisions"}],"predecessor-version":[{"id":1717,"href":"https:\/\/saint-christophers-hosting.com\/index.php\/wp-json\/wp\/v2\/posts\/1574\/revisions\/1717"}],"wp:featuredmedia":[{"embeddable":true,"href":"https:\/\/saint-christophers-hosting.com\/index.php\/wp-json\/wp\/v2\/media\/872"}],"wp:attachment":[{"href":"https:\/\/saint-christophers-hosting.com\/index.php\/wp-json\/wp\/v2\/media?parent=1574"}],"wp:term":[{"taxonomy":"category","embeddable":true,"href":"https:\/\/saint-christophers-hosting.com\/index.php\/wp-json\/wp\/v2\/categories?post=1574"},{"taxonomy":"post_tag","embeddable":true,"href":"https:\/\/saint-christophers-hosting.com\/index.php\/wp-json\/wp\/v2\/tags?post=1574"}],"curies":[{"name":"wp","href":"https:\/\/api.w.org\/{rel}","templated":true}]}}